{"id":10807,"date":"2026-03-03T15:33:13","date_gmt":"2026-03-03T14:33:13","guid":{"rendered":"https:\/\/yachtprospain.com\/?p=10807"},"modified":"2026-03-16T14:11:58","modified_gmt":"2026-03-16T13:11:58","slug":"alquiler-de-motos-de-agua-en-benalmadena","status":"publish","type":"post","link":"https:\/\/yachtprospain.com\/fr\/alquiler-de-motos-de-agua-en-benalmadena\/","title":{"rendered":"Location de jet-skis \u00e0 Benalm\u00e1dena\u00a0: Amusez-vous \u00e0 Puerto Marina"},"content":{"rendered":"<p>La location de jet-skis \u00e0 Benalm\u00e1dena est devenue une activit\u00e9 incontournable pour les familles visitant Puerto Marina et souhaitant d\u00e9couvrir la Costa del Sol depuis la mer, alliant adr\u00e9naline et divertissement en toute s\u00e9curit\u00e9. Depuis cette marina, vous pourrez profiter de visites guid\u00e9es, de vues imprenables sur la c\u00f4te de Malaga et d&#039;activit\u00e9s nautiques pour tous les \u00e2ges, sans m\u00eame quitter Benalm\u00e1dena.<\/p>\n\n\n\n<figure class=\"wp-block-image size-large\"><img loading=\"lazy\" decoding=\"async\" width=\"1024\" height=\"683\" src=\"https:\/\/yachtprospain.com\/wp-content\/uploads\/2026\/03\/alquiler-de-motos-de-agua-en-Benalmadena-excursion-en-moto-de-agua-1024x683.avif\" alt=\"alquiler de motos de agua en Benalm\u00e1dena ruta en jetski por la Costa del Sol\" class=\"wp-image-11087\" srcset=\"https:\/\/yachtprospain.com\/wp-content\/uploads\/2026\/03\/alquiler-de-motos-de-agua-en-Benalmadena-excursion-en-moto-de-agua-1024x683.avif 1024w, https:\/\/yachtprospain.com\/wp-content\/uploads\/2026\/03\/alquiler-de-motos-de-agua-en-Benalmadena-excursion-en-moto-de-agua-300x200.avif 300w, https:\/\/yachtprospain.com\/wp-content\/uploads\/2026\/03\/alquiler-de-motos-de-agua-en-Benalmadena-excursion-en-moto-de-agua-768x512.avif 768w, https:\/\/yachtprospain.com\/wp-content\/uploads\/2026\/03\/alquiler-de-motos-de-agua-en-Benalmadena-excursion-en-moto-de-agua-1536x1024.avif 1536w, https:\/\/yachtprospain.com\/wp-content\/uploads\/2026\/03\/alquiler-de-motos-de-agua-en-Benalmadena-excursion-en-moto-de-agua-18x12.avif 18w, https:\/\/yachtprospain.com\/wp-content\/uploads\/2026\/03\/alquiler-de-motos-de-agua-en-Benalmadena-excursion-en-moto-de-agua-600x400.avif 600w, https:\/\/yachtprospain.com\/wp-content\/uploads\/2026\/03\/alquiler-de-motos-de-agua-en-Benalmadena-excursion-en-moto-de-agua.avif 1920w\" sizes=\"auto, (max-width: 1024px) 100vw, 1024px\" \/><\/figure>\n\n\n\n<h2 class=\"wp-block-heading\">Contenu<\/h2>\n\n\n\n<ul class=\"wp-block-list\">\n<li><a href=\"#por-que-alquilar-una-moto-de-agua-en-benalmadena\">Pourquoi louer un jet ski \u00e0 Benalm\u00e1dena ?<\/a><\/li>\n\n\n\n<li><a href=\"#zona-nautica-de-puerto-marina\">Zone nautique de Puerto Marina | Le c\u0153ur du jet ski \u00e0 Benalm\u00e1dena<\/a><\/li>\n\n\n\n<li><a href=\"#tipos-de-experiencias\">Types d&#039;exp\u00e9riences en jet ski \u00e0 Benalm\u00e1dena<\/a><\/li>\n\n\n\n<li><a href=\"#precio-moto-de-agua\">Tarifs des jet-skis \u00e0 Benalm\u00e1dena | Guide des prix 2026<\/a><\/li>\n\n\n\n<li><a href=\"#requisitos-y-seguridad\">Exigences, permis et s\u00e9curit\u00e9<\/a><\/li>\n\n\n\n<li><a href=\"#mejores-horarios\">Meilleures p\u00e9riodes et meilleure p\u00e9riode de l&#039;ann\u00e9e<\/a><\/li>\n\n\n\n<li><a href=\"#actividades-nauticas\">Activit\u00e9s nautiques \u00e0 Benalm\u00e1dena pour agr\u00e9menter votre journ\u00e9e<\/a><\/li>\n\n\n\n<li><a href=\"#consejos-practicos\">Conseils pratiques pour votre location de jet ski \u00e0 Benalm\u00e1dena<\/a><\/li>\n\n\n\n<li><a href=\"#como-reservar\">Comment r\u00e9server facilement et en toute s\u00e9curit\u00e9 sa location de jet ski \u00e0 Benalm\u00e1dena ?<\/a><\/li>\n\n\n\n<li><a href=\"#benalmadena-mucho-mas\">Benalm\u00e1dena et Puerto Marina | Bien plus que des jet-skis<\/a><\/li>\n\n\n\n<li><a href=\"#recomendaciones-finales\">Recommandations finales<\/a><\/li>\n<\/ul>\n\n\n\n<h2 class=\"wp-block-heading\" id=\"por-que-alquilar-una-moto-de-agua-en-benalmadena\">Pourquoi louer un jet ski \u00e0 Benalm\u00e1dena ?<\/h2>\n\n\n\n<p>Benalm\u00e1dena allie un environnement privil\u00e9gi\u00e9, une mer calme une grande partie de l&#039;ann\u00e9e et une offre nautique tr\u00e8s compl\u00e8te qui en fait une destination de choix. <strong>Location de jet skis \u00e0 Benalm\u00e1dena<\/strong> C&#039;est une formule id\u00e9ale pour les d\u00e9butants comme pour les amateurs de sensations fortes. Puerto Marina propose \u00e9galement des services, des restaurants et une ambiance anim\u00e9e de jour comme de nuit, parfaite pour terminer votre journ\u00e9e en mer en beaut\u00e9.<\/p>\n\n\n\n<h2 class=\"wp-block-heading\" id=\"zona-nautica-de-puerto-marina\">Zone nautique de Puerto Marina | Le c\u0153ur du jet ski \u00e0 Benalm\u00e1dena<\/h2>\n\n\n\n<p>Puerto Marina est le principal point de d\u00e9part pour les <strong>Location de jet skis \u00e0 Benalm\u00e1dena<\/strong>, Des entreprises sp\u00e9cialis\u00e9es op\u00e8rent \u00e0 l&#039;int\u00e9rieur du port et sur les pontons ext\u00e9rieurs. Son emplacement permet un acc\u00e8s rapide aux zones de navigation en pleine mer, avec vue sur la c\u00f4te, l&#039;horizon de Benalm\u00e1dena et, par temps clair, m\u00eame sur la silhouette de la Sierra Nevada et la c\u00f4te africaine.<\/p>\n\n\n\n<h2 class=\"wp-block-heading\" id=\"tipos-de-experiencias\">Types d&#039;exp\u00e9riences en jet ski \u00e0 Benalm\u00e1dena<\/h2>\n\n\n\n<ul class=\"wp-block-list\">\n<li>Circuit ferm\u00e9 sans permis : Id\u00e9al pour les d\u00e9butants, il se d\u00e9roule dans une zone balis\u00e9e devant Puerto Marina.<\/li>\n\n\n\n<li>Itin\u00e9raires c\u00f4tiers guid\u00e9s : Sorties de groupe accompagn\u00e9es d&#039;un moniteur le long du littoral de Benalm\u00e1dena.<\/li>\n\n\n\n<li>Location avec permis : Pour les utilisateurs poss\u00e9dant des qualifications nautiques et une plus grande libert\u00e9 de navigation.<\/li>\n<\/ul>\n\n\n\n<figure class=\"wp-block-image size-large\"><img loading=\"lazy\" decoding=\"async\" width=\"1024\" height=\"576\" src=\"https:\/\/yachtprospain.com\/wp-content\/uploads\/2026\/03\/alquiler-de-motos-de-agua-en-Benalmadena-experiencia-jetski-Puerto-Marina-1024x576.avif\" alt=\"alquiler de motos de agua en Benalm\u00e1dena jetski a alta velocidad en el Mediterr\u00e1neo\" class=\"wp-image-11090\" srcset=\"https:\/\/yachtprospain.com\/wp-content\/uploads\/2026\/03\/alquiler-de-motos-de-agua-en-Benalmadena-experiencia-jetski-Puerto-Marina-1024x576.avif 1024w, https:\/\/yachtprospain.com\/wp-content\/uploads\/2026\/03\/alquiler-de-motos-de-agua-en-Benalmadena-experiencia-jetski-Puerto-Marina-300x169.avif 300w, https:\/\/yachtprospain.com\/wp-content\/uploads\/2026\/03\/alquiler-de-motos-de-agua-en-Benalmadena-experiencia-jetski-Puerto-Marina-768x432.avif 768w, https:\/\/yachtprospain.com\/wp-content\/uploads\/2026\/03\/alquiler-de-motos-de-agua-en-Benalmadena-experiencia-jetski-Puerto-Marina-1536x864.avif 1536w, https:\/\/yachtprospain.com\/wp-content\/uploads\/2026\/03\/alquiler-de-motos-de-agua-en-Benalmadena-experiencia-jetski-Puerto-Marina-18x10.avif 18w, https:\/\/yachtprospain.com\/wp-content\/uploads\/2026\/03\/alquiler-de-motos-de-agua-en-Benalmadena-experiencia-jetski-Puerto-Marina-600x338.avif 600w, https:\/\/yachtprospain.com\/wp-content\/uploads\/2026\/03\/alquiler-de-motos-de-agua-en-Benalmadena-experiencia-jetski-Puerto-Marina.avif 1920w\" sizes=\"auto, (max-width: 1024px) 100vw, 1024px\" \/><\/figure>\n\n\n\n<h2 class=\"wp-block-heading\" id=\"precio-moto-de-agua\">Tarifs des jet-skis \u00e0 Benalm\u00e1dena | Guide des prix 2026<\/h2>\n\n\n\n<p>Il <strong>Prix des jet skis \u00e0 Benalm\u00e1dena<\/strong> Les tarifs varient selon la saison. \u00c0 titre indicatif\u00a0: circuit libre (15-20\u00a0min) de 45 \u00e0 60\u00a0\u20ac\u00a0; visites guid\u00e9es (30-60\u00a0min) de 90 \u00e0 150\u00a0\u20ac\u00a0; location avec permis \u00e0 partir de 100\u00a0\u20ac\/heure.<\/p>\n\n\n\n<h2 class=\"wp-block-heading\" id=\"requisitos-y-seguridad\">Exigences, permis et s\u00e9curit\u00e9<\/h2>\n\n\n\n<p>Aucun permis n&#039;est requis pour les circuits ferm\u00e9s. Un permis bateau est obligatoire pour la location sur circuit ouvert. Les compagnies fournissent une assurance obligatoire et des gilets de sauvetage.<\/p>\n\n\n\n<h2 class=\"wp-block-heading\" id=\"mejores-horarios\">Meilleures p\u00e9riodes et meilleure p\u00e9riode de l&#039;ann\u00e9e<\/h2>\n\n\n\n<p>La saison id\u00e9ale pour louer des jet skis \u00e0 Benalm\u00e1dena est de <strong>De mai \u00e0 septembre<\/strong>, Lorsque les temp\u00e9ratures remontent, la mer est g\u00e9n\u00e9ralement plus calme et les jours plus longs, ce qui permet de profiter davantage de l&#039;eau. Les mois de <strong>Juin et septembre<\/strong> Elles sont particuli\u00e8rement recommand\u00e9es si vous souhaitez \u00e9viter la foule pendant la haute saison estivale.<\/p>\n\n\n\n<p><strong>Horaires recommand\u00e9s\u00a0:<\/strong><\/p>\n\n\n\n<ul class=\"wp-block-list\">\n<li><strong>Matin (9h00 \u2013 13h00) :<\/strong> Mer plus calme, moins de vent et bonne visibilit\u00e9, id\u00e9al pour les d\u00e9butants et les promenades tranquilles.<\/li>\n\n\n\n<li><strong>Apr\u00e8s-midi (16h00 \u2013 19h00) :<\/strong> Parfait pour ceux qui recherchent <strong>adr\u00e9naline et amusement<\/strong> Avec la lumi\u00e8re du coucher de soleil, cr\u00e9ant une atmosph\u00e8re spectaculaire pour les photos et les exp\u00e9riences des couples ou des groupes.<\/li>\n<\/ul>\n\n\n\n<p><strong>Conseil suppl\u00e9mentaire\u00a0:<\/strong> \u00c9vitez les heures de midi (13h00 \u2013 16h00) en plein \u00e9t\u00e9 si vous voulez \u00e9viter le soleil intense, bien qu&#039;avec de la cr\u00e8me solaire et un gilet de sauvetage appropri\u00e9, il n&#039;y ait pas de probl\u00e8me.<\/p>\n\n\n\n<figure class=\"wp-block-image size-large\"><img loading=\"lazy\" decoding=\"async\" width=\"1024\" height=\"683\" src=\"https:\/\/yachtprospain.com\/wp-content\/uploads\/2026\/03\/alquiler-de-motos-de-agua-en-Benalmadena-excursion-guiada-en-jetski-1024x683.avif\" alt=\"Instructor preparando una moto de agua antes de comenzar una excursi\u00f3n en el mar. El alquiler de motos de agua en Benalm\u00e1dena incluye normalmente monitores profesionales y equipamiento de seguridad.\" class=\"wp-image-11088\" srcset=\"https:\/\/yachtprospain.com\/wp-content\/uploads\/2026\/03\/alquiler-de-motos-de-agua-en-Benalmadena-excursion-guiada-en-jetski-1024x683.avif 1024w, https:\/\/yachtprospain.com\/wp-content\/uploads\/2026\/03\/alquiler-de-motos-de-agua-en-Benalmadena-excursion-guiada-en-jetski-300x200.avif 300w, https:\/\/yachtprospain.com\/wp-content\/uploads\/2026\/03\/alquiler-de-motos-de-agua-en-Benalmadena-excursion-guiada-en-jetski-768x512.avif 768w, https:\/\/yachtprospain.com\/wp-content\/uploads\/2026\/03\/alquiler-de-motos-de-agua-en-Benalmadena-excursion-guiada-en-jetski-1536x1024.avif 1536w, https:\/\/yachtprospain.com\/wp-content\/uploads\/2026\/03\/alquiler-de-motos-de-agua-en-Benalmadena-excursion-guiada-en-jetski-18x12.avif 18w, https:\/\/yachtprospain.com\/wp-content\/uploads\/2026\/03\/alquiler-de-motos-de-agua-en-Benalmadena-excursion-guiada-en-jetski-600x400.avif 600w, https:\/\/yachtprospain.com\/wp-content\/uploads\/2026\/03\/alquiler-de-motos-de-agua-en-Benalmadena-excursion-guiada-en-jetski.avif 1920w\" sizes=\"auto, (max-width: 1024px) 100vw, 1024px\" \/><\/figure>\n\n\n\n<h2 class=\"wp-block-heading\" id=\"actividades-nauticas\">Activit\u00e9s nautiques \u00e0 Benalm\u00e1dena pour agr\u00e9menter votre journ\u00e9e<\/h2>\n\n\n\n<ul class=\"wp-block-list\">\n<li>Excursions en bateau et en catamaran.<\/li>\n\n\n\n<li>Observation de dauphins.<\/li>\n\n\n\n<li>Kayak et paddle surf.<\/li>\n<\/ul>\n\n\n\n<h3 class=\"wp-block-heading\">Vous souhaitez profiter de la Costa del Sol en toute tranquillit\u00e9 ?<\/h3>\n\n\n\n<p>R\u00e9servez votre exp\u00e9rience nautique \u00e0 Benalm\u00e1dena, plaisir garanti ! <strong><a href=\"https:\/\/yachtprospain.com\/fr\/produit\/reserva-de-moto\/\">D\u00e9couvrez-le ici<\/a><\/strong><\/p>\n\n\n\n<!DOCTYPE html>\n<html lang=\"es\">\n<head>\n    <meta charset=\"UTF-8\">\n    <meta name=\"viewport\" content=\"width=device-width, initial-scale=1.0\">\n    <title>FAQ &#8211; Alquiler de Motos de Agua en Benalm\u00e1dena<\/title>\n    <!-- Carga de Tailwind CSS -->\n    <script src=\"https:\/\/cdn.tailwindcss.com\"><\/script>\n    <!-- Carga de la fuente Inter -->\n    <link rel=\"preconnect\" href=\"https:\/\/fonts.googleapis.com\">\n    <link rel=\"preconnect\" href=\"https:\/\/fonts.gstatic.com\" crossorigin>\n    <link href=\"https:\/\/fonts.googleapis.com\/css2?family=Inter:wght@400;500;600;700&#038;display=swap\" rel=\"stylesheet\">\n    <style>\n        body { font-family: 'Inter', sans-serif; }\n        .faq-answer { transition: max-height 0.3s ease-in-out; overflow: hidden; }\n    <\/style>\n<\/head>\n<body class=\"bg-gray-100\">\n\n<div class=\"min-h-screen p-6 md:p-12\">\n    <div class=\"max-w-3xl mx-auto\">\n\n        <!-- T\u00edtulo Principal -->\n        <div class=\"text-center mb-12\">\n            <h1 class=\"text-4xl font-bold text-gray-900 mb-4\">Foire aux questions<\/h1>\n            <p class=\"text-lg text-gray-600\">Tout ce que vous devez savoir sur la location de jet skis \u00e0 Benalm\u00e1dena.<\/p>\n        <\/div>\n\n        <!-- Contenedor del Acorde\u00f3n -->\n        <div class=\"space-y-4\">\n\n            <!-- Pregunta 1 -->\n            <div class=\"bg-white rounded-lg shadow-md overflow-hidden\">\n                <div class=\"faq-toggle p-6 cursor-pointer flex justify-between items-center\">\n                    <h3 class=\"text-lg font-semibold text-gray-900\">Ai-je besoin d&#039;un permis pour louer un jet ski \u00e0 Benalm\u00e1dena\u00a0?<\/h3>\n                    <span class=\"text-2xl text-gray-400 faq-icon\">+<\/span>\n                <\/div>\n                <div class=\"faq-answer hidden\">\n                    <p class=\"p-6 pt-0 text-gray-700\">\n                        Oui, pour piloter un jet ski en toute autonomie, un permis valide est n\u00e9cessaire. Cependant, certaines entreprises proposent des locations encadr\u00e9es ou des circuits ferm\u00e9s o\u00f9 aucun permis n&#039;est requis.\n                    <\/p>\n                <\/div>\n            <\/div>\n\n            <!-- Pregunta 2 -->\n            <div class=\"bg-white rounded-lg shadow-md overflow-hidden\">\n                <div class=\"faq-toggle p-6 cursor-pointer flex justify-between items-center\">\n                    <h3 class=\"text-lg font-semibold text-gray-900\">Quel est l&#039;\u00e2ge minimum pour louer un jet ski ?<\/h3>\n                    <span class=\"text-2xl text-gray-400 faq-icon\">+<\/span>\n                <\/div>\n                <div class=\"faq-answer hidden\">\n                    <p class=\"p-6 pt-0 text-gray-700\">\n                        L&#039;\u00e2ge minimum pour une location ind\u00e9pendante est g\u00e9n\u00e9ralement de 18 ans. Pour les visites guid\u00e9es avec un moniteur professionnel, certaines entreprises acceptent les enfants d\u00e8s l&#039;\u00e2ge de 16 ans avec autorisation parentale.\n                    <\/p>\n                <\/div>\n            <\/div>\n\n            <!-- Pregunta 3 -->\n            <div class=\"bg-white rounded-lg shadow-md overflow-hidden\">\n                <div class=\"faq-toggle p-6 cursor-pointer flex justify-between items-center\">\n                    <h3 class=\"text-lg font-semibold text-gray-900\">Quels sont les meilleurs moments pour louer des jet skis ?<\/h3>\n                    <span class=\"text-2xl text-gray-400 faq-icon\">+<\/span>\n                <\/div>\n                <div class=\"faq-answer hidden\">\n                    <p class=\"p-6 pt-0 text-gray-700\">\n                        Le matin (9h00 \u2013 13h00) est id\u00e9al pour une mer calme et les d\u00e9butants. L&#039;apr\u00e8s-midi (16h00 \u2013 19h00) est parfait pour profiter du coucher de soleil et des sensations fortes, en \u00e9vitant la chaleur intense de midi.\n                    <\/p>\n                <\/div>\n            <\/div>\n\n            <!-- Pregunta 4 -->\n            <div class=\"bg-white rounded-lg shadow-md overflow-hidden\">\n                <div class=\"faq-toggle p-6 cursor-pointer flex justify-between items-center\">\n                    <h3 class=\"text-lg font-semibold text-gray-900\">Combien co\u00fbte la location d&#039;un jet ski \u00e0 Benalm\u00e1dena ?<\/h3>\n                    <span class=\"text-2xl text-gray-400 faq-icon\">+<\/span>\n                <\/div>\n                <div class=\"faq-answer hidden\">\n                    <p class=\"p-6 pt-0 text-gray-700\">\n                        Les prix varient selon la dur\u00e9e de location et le type de moto. En g\u00e9n\u00e9ral, une location de 30 minutes \u00e0 1 heure co\u00fbte entre 50 \u20ac et 100 \u20ac, tandis que les visites guid\u00e9es ou les forfaits sp\u00e9ciaux peuvent atteindre 200 \u20ac par personne.\n                    <\/p>\n                <\/div>\n            <\/div>\n\n            <!-- Pregunta 5 -->\n            <div class=\"bg-white rounded-lg shadow-md overflow-hidden\">\n                <div class=\"faq-toggle p-6 cursor-pointer flex justify-between items-center\">\n                    <h3 class=\"text-lg font-semibold text-gray-900\">Quelles mesures de s\u00e9curit\u00e9 dois-je suivre ?<\/h3>\n                    <span class=\"text-2xl text-gray-400 faq-icon\">+<\/span>\n                <\/div>\n                <div class=\"faq-answer hidden\">\n                    <p class=\"p-6 pt-0 text-gray-700\">\n                        Portez toujours un gilet de sauvetage homologu\u00e9, respectez les signaux de navigation, gardez vos distances avec les autres embarcations et suivez les instructions du guide s&#039;il s&#039;agit d&#039;une visite guid\u00e9e.\n                    <\/p>\n                <\/div>\n            <\/div>\n\n            <!-- Pregunta 6 -->\n            <div class=\"bg-white rounded-lg shadow-md overflow-hidden\">\n                <div class=\"faq-toggle p-6 cursor-pointer flex justify-between items-center\">\n                    <h3 class=\"text-lg font-semibold text-gray-900\">Peut-on le louer en groupe ou en couple ?<\/h3>\n                    <span class=\"text-2xl text-gray-400 faq-icon\">+<\/span>\n                <\/div>\n                <div class=\"faq-answer hidden\">\n                    <p class=\"p-6 pt-0 text-gray-700\">\n                        Oui, de nombreuses entreprises proposent des motos biplaces ou des formules de voyage pour les couples et les groupes, id\u00e9ales pour partager cette exp\u00e9rience.\n                    <\/p>\n                <\/div>\n            <\/div>\n\n            <!-- Pregunta 7 -->\n            <div class=\"bg-white rounded-lg shadow-md overflow-hidden\">\n                <div class=\"faq-toggle p-6 cursor-pointer flex justify-between items-center\">\n                    <h3 class=\"text-lg font-semibold text-gray-900\">Et si je n&#039;ai jamais conduit de jet ski auparavant ?<\/h3>\n                    <span class=\"text-2xl text-gray-400 faq-icon\">+<\/span>\n                <\/div>\n                <div class=\"faq-answer hidden\">\n                    <p class=\"p-6 pt-0 text-gray-700\">\n                        Aucun probl\u00e8me\u00a0: des instructions pr\u00e9alables sont fournies, des consignes de s\u00e9curit\u00e9 et des r\u00e8gles sont donn\u00e9es, et certaines excursions incluent un accompagnateur qui accompagne toute l\u2019activit\u00e9.\n                    <\/p>\n                <\/div>\n            <\/div>\n\n            <!-- Pregunta 8 -->\n            <div class=\"bg-white rounded-lg shadow-md overflow-hidden\">\n                <div class=\"faq-toggle p-6 cursor-pointer flex justify-between items-center\">\n                    <h3 class=\"text-lg font-semibold text-gray-900\">De quels documents ai-je besoin pour louer ?<\/h3>\n                    <span class=\"text-2xl text-gray-400 faq-icon\">+<\/span>\n                <\/div>\n                <div class=\"faq-answer hidden\">\n                    <p class=\"p-6 pt-0 text-gray-700\">\n                        Une pi\u00e8ce d&#039;identit\u00e9 ou un passeport valide est requis. Pour les mineurs, une autorisation parentale est n\u00e9cessaire. Pour les locations sans restauration, un permis de jet ski est \u00e9galement requis.\n                    <\/p>\n                <\/div>\n            <\/div>\n\n            <!-- Pregunta 9 -->\n            <div class=\"bg-white rounded-lg shadow-md overflow-hidden\">\n                <div class=\"faq-toggle p-6 cursor-pointer flex justify-between items-center\">\n                    <h3 class=\"text-lg font-semibold text-gray-900\">Peut-on la combiner avec d&#039;autres activit\u00e9s nautiques\u00a0?<\/h3>\n                    <span class=\"text-2xl text-gray-400 faq-icon\">+<\/span>\n                <\/div>\n                <div class=\"faq-answer hidden\">\n                    <p class=\"p-6 pt-0 text-gray-700\">\n                        Oui, de nombreuses entreprises proposent des forfaits incluant la location de jet skis, ainsi que la location de bateaux, le paddle surf ou des excursions c\u00f4ti\u00e8res guid\u00e9es.\n                    <\/p>\n                <\/div>\n            <\/div>\n\n            <!-- Pregunta 10 -->\n            <div class=\"bg-white rounded-lg shadow-md overflow-hidden\">\n                <div class=\"faq-toggle p-6 cursor-pointer flex justify-between items-center\">\n                    <h3 class=\"text-lg font-semibold text-gray-900\">Quelles sont les meilleures p\u00e9riodes et saisons ?<\/h3>\n                    <span class=\"text-2xl text-gray-400 faq-icon\">+<\/span>\n                <\/div>\n                <div class=\"faq-answer hidden\">\n                    <p class=\"p-6 pt-0 text-gray-700\">\n                        La meilleure saison s&#039;\u00e9tend de mai \u00e0 septembre. Le matin, la mer est calme, id\u00e9ale pour les d\u00e9butants, et l&#039;apr\u00e8s-midi permet de profiter du coucher de soleil et de faire le plein d&#039;adr\u00e9naline en toute s\u00e9curit\u00e9.\n                    <\/p>\n                <\/div>\n            <\/div>\n\n        <\/div>\n    <\/div>\n<\/div>\n\n<script>\ndocument.addEventListener('DOMContentLoaded', () => {\n    const toggles = document.querySelectorAll('.faq-toggle');\n    toggles.forEach(toggle => {\n        toggle.addEventListener('click', () => {\n            const answer = toggle.nextElementSibling;\n            const icon = toggle.querySelector('.faq-icon');\n            answer.classList.toggle('hidden');\n            icon.textContent = answer.classList.contains('hidden') ? '+' : '-';\n        });\n    });\n});\n<\/script>\n\n<\/body>\n<\/html>\n\n\n\n<h2 class=\"wp-block-heading\" id=\"recomendaciones-finales\">Recommandations finales<\/h2>\n\n\n\n<p>Il <strong>Location de jet skis \u00e0 Benalm\u00e1dena<\/strong> C&#039;est une occasion unique. R\u00e9servez \u00e0 l&#039;avance et pr\u00e9parez-vous \u00e0 une mont\u00e9e d&#039;adr\u00e9naline !.<\/p>\n\n\n<p><strong>R\u00e9servez votre exp\u00e9rience ici\u00a0:<\/strong> <a href=\"https:\/\/yachtprospain.com\/fr\/alquiler-embarcaciones-malaga\/moto-de-agua\/\">Location de jet skis \u00e0 Fuengirola<\/a>.<\/p>\n\n\n<p><\/p>","protected":false},"excerpt":{"rendered":"<p>Profitez de la location de jet skis \u00e0 Benalm\u00e1dena au d\u00e9part de Puerto Marina avec des itin\u00e9raires guid\u00e9s, des r\u00e8gles de s\u00e9curit\u00e9 claires et des options parfaites pour le tourisme familial sur la Costa del Sol.<\/p>","protected":false},"author":1,"featured_media":11092,"comment_status":"closed","ping_status":"open","sticky":false,"template":"","format":"standard","meta":{"jetpack_post_was_ever_published":false,"_jetpack_newsletter_access":"","_jetpack_dont_email_post_to_subs":false,"_jetpack_newsletter_tier_id":0,"_jetpack_memberships_contains_paywalled_content":false,"_jetpack_memberships_contains_paid_content":false,"_joinchat":[],"footnotes":"","jetpack_publicize_message":"","jetpack_publicize_feature_enabled":true,"jetpack_social_post_already_shared":true,"jetpack_social_options":{"image_generator_settings":{"template":"highway","default_image_id":0,"font":"","enabled":false},"version":2}},"categories":[270,264],"tags":[],"class_list":{"0":"post-10807","1":"post","2":"type-post","3":"status-publish","4":"format-standard","5":"has-post-thumbnail","7":"category-actividades-nauticas-2","8":"category-motos-de-agua-jet-ski-2"},"jetpack_publicize_connections":[],"jetpack_featured_media_url":"https:\/\/yachtprospain.com\/wp-content\/uploads\/2026\/03\/alquiler-de-motos-de-agua-en-Benalmadena-actividad-acuatica-en-Puerto-Marina.webp","jetpack_shortlink":"https:\/\/wp.me\/p9sOOi-2Oj","jetpack_sharing_enabled":true,"_links":{"self":[{"href":"https:\/\/yachtprospain.com\/fr\/wp-json\/wp\/v2\/posts\/10807","targetHints":{"allow":["GET"]}}],"collection":[{"href":"https:\/\/yachtprospain.com\/fr\/wp-json\/wp\/v2\/posts"}],"about":[{"href":"https:\/\/yachtprospain.com\/fr\/wp-json\/wp\/v2\/types\/post"}],"author":[{"embeddable":true,"href":"https:\/\/yachtprospain.com\/fr\/wp-json\/wp\/v2\/users\/1"}],"replies":[{"embeddable":true,"href":"https:\/\/yachtprospain.com\/fr\/wp-json\/wp\/v2\/comments?post=10807"}],"version-history":[{"count":13,"href":"https:\/\/yachtprospain.com\/fr\/wp-json\/wp\/v2\/posts\/10807\/revisions"}],"predecessor-version":[{"id":11100,"href":"https:\/\/yachtprospain.com\/fr\/wp-json\/wp\/v2\/posts\/10807\/revisions\/11100"}],"wp:featuredmedia":[{"embeddable":true,"href":"https:\/\/yachtprospain.com\/fr\/wp-json\/wp\/v2\/media\/11092"}],"wp:attachment":[{"href":"https:\/\/yachtprospain.com\/fr\/wp-json\/wp\/v2\/media?parent=10807"}],"wp:term":[{"taxonomy":"category","embeddable":true,"href":"https:\/\/yachtprospain.com\/fr\/wp-json\/wp\/v2\/categories?post=10807"},{"taxonomy":"post_tag","embeddable":true,"href":"https:\/\/yachtprospain.com\/fr\/wp-json\/wp\/v2\/tags?post=10807"}],"curies":[{"name":"wp","href":"https:\/\/api.w.org\/{rel}","templated":true}]}}