{"id":10771,"date":"2026-03-02T14:01:27","date_gmt":"2026-03-02T13:01:27","guid":{"rendered":"https:\/\/yachtprospain.com\/?p=10771"},"modified":"2026-03-15T19:32:57","modified_gmt":"2026-03-15T18:32:57","slug":"renta-moto-agua-marbella","status":"publish","type":"post","link":"https:\/\/yachtprospain.com\/fr\/renta-moto-agua-marbella\/","title":{"rendered":"Location de jet skis \u00e0 Marbella : Tarifs et itin\u00e9raires VIP 2026"},"content":{"rendered":"<p>D\u00e9couvrez les sensations fortes de la M\u00e9diterran\u00e9e sous un angle unique gr\u00e2ce \u00e0 la location de jet skis \u00e0 Marbella. Profitez d&#039;itin\u00e9raires exclusifs \u00e0 travers Puerto Ban\u00fas, d&#039;une libert\u00e9 totale sur les vagues et d&#039;une exp\u00e9rience VIP alliant adr\u00e9naline, luxe et vues spectaculaires sur la Costa del Sol.<\/p>\n\n\n\n<p>Avec Yacht Pro Spain, louer un jet ski \u00e0 Marbella est simple, s\u00fbr et enti\u00e8rement personnalis\u00e9.<\/p>\n\n\n\n<figure class=\"wp-block-image size-large\"><img loading=\"lazy\" decoding=\"async\" width=\"1024\" height=\"683\" src=\"https:\/\/yachtprospain.com\/wp-content\/uploads\/2026\/03\/renta-de-moto-de-agua-Marbella-experiencia-en-jetski-en-la-Costa-del-Sol-1024x683.avif\" alt=\"renta de moto de agua Marbella conduciendo jetski a alta velocidad en el mar\" class=\"wp-image-11069\" srcset=\"https:\/\/yachtprospain.com\/wp-content\/uploads\/2026\/03\/renta-de-moto-de-agua-Marbella-experiencia-en-jetski-en-la-Costa-del-Sol-1024x683.avif 1024w, https:\/\/yachtprospain.com\/wp-content\/uploads\/2026\/03\/renta-de-moto-de-agua-Marbella-experiencia-en-jetski-en-la-Costa-del-Sol-300x200.avif 300w, https:\/\/yachtprospain.com\/wp-content\/uploads\/2026\/03\/renta-de-moto-de-agua-Marbella-experiencia-en-jetski-en-la-Costa-del-Sol-768x512.avif 768w, https:\/\/yachtprospain.com\/wp-content\/uploads\/2026\/03\/renta-de-moto-de-agua-Marbella-experiencia-en-jetski-en-la-Costa-del-Sol-1536x1024.avif 1536w, https:\/\/yachtprospain.com\/wp-content\/uploads\/2026\/03\/renta-de-moto-de-agua-Marbella-experiencia-en-jetski-en-la-Costa-del-Sol-18x12.avif 18w, https:\/\/yachtprospain.com\/wp-content\/uploads\/2026\/03\/renta-de-moto-de-agua-Marbella-experiencia-en-jetski-en-la-Costa-del-Sol-600x400.avif 600w, https:\/\/yachtprospain.com\/wp-content\/uploads\/2026\/03\/renta-de-moto-de-agua-Marbella-experiencia-en-jetski-en-la-Costa-del-Sol.avif 1920w\" sizes=\"auto, (max-width: 1024px) 100vw, 1024px\" \/><\/figure>\n\n\n\n<h2 class=\"wp-block-heading\">Contenu<\/h2>\n\n\n\n<ul class=\"wp-block-list\">\n<li><a href=\"#por-que-elegir\">Pourquoi choisir la location de jet skis \u00e0 Marbella ?<\/a><\/li>\n\n\n\n<li><a href=\"#mejores-rutas\">Les meilleurs itin\u00e9raires pour votre jet ski \u00e0 Marbella<\/a><\/li>\n\n\n\n<li><a href=\"#experiencia-vip\">Exp\u00e9rience VIP avec YachtPro \u00e0 Puerto Ban\u00fas<\/a><\/li>\n\n\n\n<li><a href=\"#precio\">Prix des jet skis \u00e0 Marbella : tarifs indicatifs<\/a><\/li>\n\n\n\n<li><a href=\"#incluye\">Qu&#039;est-ce qui est inclus et qu&#039;est-ce qui n&#039;est pas inclus dans la location\u00a0?<\/a><\/li>\n\n\n\n<li><a href=\"#requisitos\">Exigences et r\u00e8gles de s\u00e9curit\u00e9 pour la conduite d&#039;un jet ski \u00e0 Marbella<\/a><\/li>\n\n\n\n<li><a href=\"#faq\">Foire aux questions<\/a><\/li>\n<\/ul>\n\n\n\n<h2 class=\"wp-block-heading\" id=\"por-que-elegir\">Pourquoi choisir la location de jet skis \u00e0 Marbella ?<\/h2>\n\n\n\n<p>Marbella n&#039;est pas seulement une destination, c&#039;est un art de vivre. Son climat m\u00e9diterran\u00e9en id\u00e9al toute l&#039;ann\u00e9e, ses eaux cristallines et le cadre embl\u00e9matique de Puerto Ban\u00fas en font le d\u00e9cor parfait pour une exp\u00e9rience de jet ski inoubliable.<\/p>\n\n\n\n<p>Lors du choix du <strong>Location de jet-skis \u00e0 Marbella<\/strong>, vous acc\u00e9dez \u00e0\u00a0:<\/p>\n\n\n\n<ul class=\"wp-block-list\">\n<li>Vues imprenables sur le Golden Mile, yachts de luxe et villas exclusives<\/li>\n\n\n\n<li>Itin\u00e9raires personnalis\u00e9s de Puerto Ban\u00fas vers des criques cach\u00e9es<\/li>\n\n\n\n<li>Climat chaud et mer calme la majeure partie de l&#039;ann\u00e9e<\/li>\n\n\n\n<li>Service VIP avec \u00e9quipement de pointe et attention professionnelle<\/li>\n<\/ul>\n\n\n\n<p>Marbella est l&#039;\u00e9picentre du luxe sur la Costa del Sol, et faire du jet ski permet de la d\u00e9couvrir sous un angle totalement diff\u00e9rent.<\/p>\n\n\n\n\n\n<h2 class=\"wp-block-heading\" id=\"mejores-rutas\">Les meilleurs itin\u00e9raires pour votre jet ski \u00e0 Marbella<\/h2>\n\n\n\n<p>De Puerto Ban\u00fas \u00e0 Cabopino, chaque itin\u00e9raire en <strong>Jet Ski Marbella<\/strong> Il offre des paysages \u00e0 couper le souffle, des \u00e9motions intenses et des opportunit\u00e9s photographiques parfaites.<\/p>\n\n\n\n<h3 class=\"wp-block-heading\">Puerto Ban\u00fas<\/h3>\n\n\n\n<p>Au c\u0153ur du luxe m\u00e9diterran\u00e9en. Naviguer au d\u00e9part de Puerto Ban\u00fas vous permet de c\u00f4toyer des super-yachts, d&#039;admirer des terrasses exclusives et de ressentir l&#039;\u00e9nergie de l&#039;un des ports les plus c\u00e9l\u00e8bres au monde.<\/p>\n\n\n\n<h3 class=\"wp-block-heading\">Golden Mile<\/h3>\n\n\n\n<p>Bord\u00e9e d&#039;h\u00f4tels 5 \u00e9toiles, de clubs de plage embl\u00e9matiques et de villas de r\u00eave, la Golden Mile, vue de la mer, est synonyme d&#039;exclusivit\u00e9 et de glamour absolus.<\/p>\n\n\n\n<h3 class=\"wp-block-heading\">Cabopino<\/h3>\n\n\n\n<p>Pour ceux qui recherchent une atmosph\u00e8re plus d\u00e9tendue, Cabopino offre des plages de dunes, des eaux calmes et un environnement naturel id\u00e9al pour allier dynamisme et contemplation.<\/p>\n\n\n\n<h3 class=\"wp-block-heading\">Baie de Marbella<\/h3>\n\n\n\n<p>Grands espaces, longues acc\u00e9l\u00e9rations et une sensation de libert\u00e9 totale sur la M\u00e9diterran\u00e9e. Id\u00e9al pour ceux qui ont d\u00e9j\u00e0 une exp\u00e9rience du jet ski.<\/p>\n\n\n\n<h3 class=\"wp-block-heading\">Route du coucher de soleil<\/h3>\n\n\n\n<p>La lumi\u00e8re dor\u00e9e du coucher de soleil m\u00e9diterran\u00e9en transforme votre sortie en une exp\u00e9rience digne d&#039;un film. Id\u00e9al pour les couples ou les groupes en qu\u00eate d&#039;un moment unique.<\/p>\n\n\n\n\n\n<h2 class=\"wp-block-heading\" id=\"experiencia-vip\">Exp\u00e9rience VIP avec YachtPro \u00e0 Puerto Ban\u00fas<\/h2>\n\n\n\n<p>Avec Yacht Pro Spain, votre <strong>Location de jet-skis \u00e0 Marbella<\/strong> Cela va bien au-del\u00e0 de la simple location d&#039;un jet ski. Vous b\u00e9n\u00e9ficierez d&#039;un service complet et personnalis\u00e9 d\u00e8s le premier instant.<\/p>\n\n\n\n<h3 class=\"wp-block-heading\">Service premium<\/h3>\n\n\n\n<p>Service personnalis\u00e9, jet skis de derni\u00e8re g\u00e9n\u00e9ration en parfait \u00e9tat et conseils professionnels sur les itin\u00e9raires adapt\u00e9s \u00e0 votre niveau et \u00e0 vos attentes.<\/p>\n\n\n\n<h3 class=\"wp-block-heading\">S\u00e9curit\u00e9<\/h3>\n\n\n\n<p>Briefing professionnel avant le d\u00e9part, \u00e9quipement de s\u00e9curit\u00e9 inclus et supervision constante tout au long de l&#039;exp\u00e9rience.<\/p>\n\n\n\n<h3 class=\"wp-block-heading\">S\u00e9ance d&#039;information professionnelle<\/h3>\n\n\n\n<p>Explications claires sur la manipulation, les r\u00e8gles de navigation et les zones autoris\u00e9es. Aucune exp\u00e9rience pr\u00e9alable n&#039;est requise\u00a0; l&#039;\u00e9quipe veillera \u00e0 votre s\u00e9curit\u00e9 et \u00e0 votre confort.<\/p>\n\n\n\n<h3 class=\"wp-block-heading\">Possibilit\u00e9 de combiner avec la location d&#039;un bateau \u00e0 Marbella<\/h3>\n\n\n\n<p>Jet ski \u00e0 sensations fortes + balade en bateau relaxante = la formule nautique id\u00e9ale. Parfait pour les f\u00eates, les \u00e9v\u00e9nements d&#039;entreprise ou les escapades de luxe sur la Costa del Sol.<\/p>\n\n\n\n\n\n<h2 class=\"wp-block-heading\" id=\"precio\">Prix des jet skis \u00e0 Marbella : tarifs indicatifs<\/h2>\n\n\n\n<p>Il <strong>prix du jet ski Marbella<\/strong> Les prix varient selon la dur\u00e9e, la saison et le type d&#039;exp\u00e9rience. Voici des tarifs indicatifs pour vous aider \u00e0 planifier votre aventure\u00a0:<\/p>\n\n\n\n<figure class=\"wp-block-table\"><table class=\"has-fixed-layout\"><thead><tr><th class=\"has-text-align-left\" data-align=\"left\">Dur\u00e9e<\/th><th class=\"has-text-align-left\" data-align=\"left\">Prix \u00e0 partir de<\/th><th class=\"has-text-align-left\" data-align=\"left\">Id\u00e9al pour<\/th><\/tr><\/thead><tbody><tr><td>30 minutes<\/td><td>80\u20ac<\/td><td>Premi\u00e8re exp\u00e9rience<\/td><\/tr><tr><td>1 heure<\/td><td>140\u20ac<\/td><td>Couples et petits groupes<\/td><\/tr><tr><td>2 heures<\/td><td>250\u20ac<\/td><td>Exp\u00e9rience compl\u00e8te<\/td><\/tr><\/tbody><\/table><\/figure>\n\n\n\n<p>Ces prix sont indicatifs et peuvent varier selon la saison. Pour obtenir la meilleure offre, veuillez v\u00e9rifier les disponibilit\u00e9s et les tarifs en vigueur directement aupr\u00e8s de Yacht Pro Spain.<\/p>\n\n\n\n<figure class=\"wp-block-image size-large\"><img loading=\"lazy\" decoding=\"async\" width=\"1024\" height=\"863\" src=\"https:\/\/yachtprospain.com\/wp-content\/uploads\/2026\/03\/renta-de-moto-de-agua-Marbella-paseo-romantico-en-moto-de-agua-1024x863.avif\" alt=\"renta de moto de agua Marbella paseo en jetski para dos personas\" class=\"wp-image-11068\" srcset=\"https:\/\/yachtprospain.com\/wp-content\/uploads\/2026\/03\/renta-de-moto-de-agua-Marbella-paseo-romantico-en-moto-de-agua-1024x863.avif 1024w, https:\/\/yachtprospain.com\/wp-content\/uploads\/2026\/03\/renta-de-moto-de-agua-Marbella-paseo-romantico-en-moto-de-agua-300x253.avif 300w, https:\/\/yachtprospain.com\/wp-content\/uploads\/2026\/03\/renta-de-moto-de-agua-Marbella-paseo-romantico-en-moto-de-agua-768x647.avif 768w, https:\/\/yachtprospain.com\/wp-content\/uploads\/2026\/03\/renta-de-moto-de-agua-Marbella-paseo-romantico-en-moto-de-agua-1536x1294.avif 1536w, https:\/\/yachtprospain.com\/wp-content\/uploads\/2026\/03\/renta-de-moto-de-agua-Marbella-paseo-romantico-en-moto-de-agua-14x12.avif 14w, https:\/\/yachtprospain.com\/wp-content\/uploads\/2026\/03\/renta-de-moto-de-agua-Marbella-paseo-romantico-en-moto-de-agua-600x506.avif 600w, https:\/\/yachtprospain.com\/wp-content\/uploads\/2026\/03\/renta-de-moto-de-agua-Marbella-paseo-romantico-en-moto-de-agua.avif 1920w\" sizes=\"auto, (max-width: 1024px) 100vw, 1024px\" \/><\/figure>\n\n\n\n<h2 class=\"wp-block-heading\" id=\"incluye\">Qu&#039;est-ce qui est inclus et qu&#039;est-ce qui n&#039;est pas inclus dans la location\u00a0?<\/h2>\n\n\n\n<h3 class=\"wp-block-heading\">\u2705 Inclus dans votre location de jet ski \u00e0 Marbella\u00a0:<\/h3>\n\n\n\n<ul class=\"wp-block-list\">\n<li>Jet ski en parfait \u00e9tat<\/li>\n\n\n\n<li>S\u00e9ance d&#039;information professionnelle sur la s\u00e9curit\u00e9<\/li>\n\n\n\n<li>Gilets de sauvetage et \u00e9quipements de s\u00e9curit\u00e9<\/li>\n\n\n\n<li>Assurance responsabilit\u00e9 civile<\/li>\n\n\n\n<li>Un soutien tout au long de l&#039;exp\u00e9rience<\/li>\n<\/ul>\n\n\n\n<h3 class=\"wp-block-heading\">\u274c Non inclus :<\/h3>\n\n\n\n<ul class=\"wp-block-list\">\n<li>Carburant (selon le type)<\/li>\n\n\n\n<li>Photos ou vid\u00e9os professionnelles (disponibles moyennant un suppl\u00e9ment)<\/li>\n\n\n\n<li>Nourriture ou boissons<\/li>\n\n\n\n<li>Transport vers le port<\/li>\n<\/ul>\n\n\n\n<h2 class=\"wp-block-heading\" id=\"requisitos\">Exigences et r\u00e8gles de s\u00e9curit\u00e9 pour la conduite d&#039;un jet ski \u00e0 Marbella<\/h2>\n\n\n\n<h3 class=\"wp-block-heading\">\u00c2ge minimum<\/h3>\n\n\n\n<p>En r\u00e8gle g\u00e9n\u00e9rale, il faut avoir au moins 18 ans pour conduire seul. Les mineurs peuvent voyager en tant que passagers accompagn\u00e9s d&#039;un adulte.<\/p>\n\n\n\n<h3 class=\"wp-block-heading\">Avec ou sans permis<\/h3>\n\n\n\n<p>La plupart des sorties guid\u00e9es ou encadr\u00e9es ne n\u00e9cessitent pas de permis bateau. Une \u00e9quipe de professionnels vous accompagnera et vous encadrera tout au long de l&#039;activit\u00e9.<\/p>\n\n\n\n<h3 class=\"wp-block-heading\">mesures de s\u00e9curit\u00e9<\/h3>\n\n\n\n<ul class=\"wp-block-list\">\n<li>Le port du gilet de sauvetage est obligatoire.<\/li>\n\n\n\n<li>S\u00e9ance d&#039;information pr\u00e9liminaire sur la manipulation et la r\u00e9glementation<\/li>\n\n\n\n<li>Respect des zones de navigation autoris\u00e9es<\/li>\n\n\n\n<li>Communication constante avec l&#039;\u00e9quipe de Yacht Pro Spain<\/li>\n<\/ul>\n\n\n\n<h3 class=\"wp-block-heading\">R\u00e9glementation locale<\/h3>\n\n\n\n<p>Les jet-skis doivent respecter les zones d\u00e9sign\u00e9es, les limitations de vitesse pr\u00e8s des c\u00f4tes et les distances de s\u00e9curit\u00e9 par rapport aux nageurs et aux autres bateaux.<\/p>\n\n\n\n<figure>\n  <img decoding=\"async\" src=\"https:\/\/yachtprospain.com\/wp-content\/uploads\/2026\/03\/Ruta-libre-en-moto-de-agua-por-aguas-cristalinas-en-Fuengirola-Yacht-Pro-Spain.avif\"\n       alt=\"Moto de agua flotando en aguas cristalinas durante una ruta libre por la costa de Fuengirola en la Costa del Sol.\"\n       title=\"Parcours gratuit en jet ski dans les eaux cristallines de Fuengirola | Yacht Pro Spain\"\n       loading=\"lazy\">\n  <figcaption>L&#039;option de parcours gratuit en jet ski au d\u00e9part de Fuengirola vous permet d&#039;explorer la Costa del Sol \u00e0 votre propre rythme, en profitant d&#039;eaux calmes et de paysages spectaculaires.<\/figcaption>\n<\/figure>\n\n\n\n<!DOCTYPE html>\n<html lang=\"es\">\n<head>\n<meta charset=\"UTF-8\">\n<meta name=\"viewport\" content=\"width=device-width, initial-scale=1.0\">\n<title>FAQ &#8211; Renta de Moto de Agua Marbella 2026<\/title>\n\n<script src=\"https:\/\/cdn.tailwindcss.com\"><\/script>\n\n<link rel=\"preconnect\" href=\"https:\/\/fonts.googleapis.com\">\n<link rel=\"preconnect\" href=\"https:\/\/fonts.gstatic.com\" crossorigin>\n\n<link href=\"https:\/\/fonts.googleapis.com\/css2?family=Inter:wght@400;500;600;700&#038;display=swap\" rel=\"stylesheet\">\n\n<style>\nbody{\nfont-family:'Inter',sans-serif;\n}\n\n.faq-answer{\ntransition:max-height .3s ease-in-out;\noverflow:hidden;\n}\n<\/style>\n\n<\/head>\n\n<body class=\"bg-gray-100\">\n\n<div class=\"min-h-screen p-6 md:p-12\">\n\n<div class=\"max-w-3xl mx-auto\">\n\n<div class=\"text-center mb-12\">\n\n<h1 class=\"text-4xl font-bold text-gray-900 mb-4\">\nFoire aux questions\n<\/h1>\n\n<p class=\"text-lg text-gray-600\">\nTout ce que vous devez savoir sur la location de jet skis \u00e0 Marbella et les itin\u00e9raires VIP en 2026.\n<\/p>\n\n<\/div>\n\n<div class=\"space-y-4\">\n\n<!-- Pregunta 1 -->\n<div class=\"bg-white rounded-lg shadow-md overflow-hidden\">\n\n<div class=\"faq-toggle p-6 cursor-pointer flex justify-between items-center\">\n<h3 class=\"text-lg font-semibold text-gray-900\">\nQu&#039;est-ce qui est inclus dans la location de jet ski VIP \u00e0 Marbella\u00a0?\n<\/h3>\n<span class=\"text-2xl text-gray-400 faq-icon\">+<\/span>\n<\/div>\n\n<div class=\"faq-answer hidden\">\n<p class=\"p-6 pt-0 text-gray-700\">\nComprend le jet ski, les gilets de sauvetage, les consignes de s\u00e9curit\u00e9, l&#039;assurance de base, un guide professionnel et des itin\u00e9raires VIP avec recommandations de points d&#039;int\u00e9r\u00eat sur la c\u00f4te.\n<\/p>\n<\/div>\n\n<\/div>\n\n<!-- Pregunta 2 -->\n<div class=\"bg-white rounded-lg shadow-md overflow-hidden\">\n<div class=\"faq-toggle p-6 cursor-pointer flex justify-between items-center\">\n<h3 class=\"text-lg font-semibold text-gray-900\">\nAi-je besoin d&#039;un permis pour louer un jet ski \u00e0 Marbella\u00a0?\n<\/h3>\n<span class=\"text-2xl text-gray-400 faq-icon\">+<\/span>\n<\/div>\n\n<div class=\"faq-answer hidden\">\n<p class=\"p-6 pt-0 text-gray-700\">\nSi vous souhaitez conduire avec votre propre permis, alors oui, il est n\u00e9cessaire. Pour les visites guid\u00e9es ou les exp\u00e9riences VIP pour d\u00e9butants, le permis n&#039;est pas requis, et un moniteur certifi\u00e9 vous accompagnera syst\u00e9matiquement.\n<\/p>\n<\/div>\n<\/div>\n\n<!-- Pregunta 3 -->\n<div class=\"bg-white rounded-lg shadow-md overflow-hidden\">\n<div class=\"faq-toggle p-6 cursor-pointer flex justify-between items-center\">\n<h3 class=\"text-lg font-semibold text-gray-900\">\nQuel est le prix de la location d&#039;un jet ski \u00e0 Marbella en 2026 ?\n<\/h3>\n<span class=\"text-2xl text-gray-400 faq-icon\">+<\/span>\n<\/div>\n\n<div class=\"faq-answer hidden\">\n<p class=\"p-6 pt-0 text-gray-700\">\nLes prix varient de 80 \u20ac \u00e0 120 \u20ac pour les visites de 20 \u00e0 30 minutes et de 150 \u20ac \u00e0 200 \u20ac pour les visites VIP d&#039;une heure. La location \u00e0 l&#039;heure avec votre propre permis peut d\u00e9passer 180 \u20ac selon la saison et le mod\u00e8le.\n<\/p>\n<\/div>\n<\/div>\n\n<!-- Pregunta 4 -->\n<div class=\"bg-white rounded-lg shadow-md overflow-hidden\">\n<div class=\"faq-toggle p-6 cursor-pointer flex justify-between items-center\">\n<h3 class=\"text-lg font-semibold text-gray-900\">\nEst-il prudent de conduire un jet ski si je n&#039;en ai jamais conduit auparavant\u00a0?\n<\/h3>\n<span class=\"text-2xl text-gray-400 faq-icon\">+<\/span>\n<\/div>\n\n<div class=\"faq-answer hidden\">\n<p class=\"p-6 pt-0 text-gray-700\">\nOui. Tous les parcours VIP incluent un briefing de s\u00e9curit\u00e9, l&#039;encadrement d&#039;un moniteur et du mat\u00e9riel certifi\u00e9. Les d\u00e9butants peuvent ainsi profiter pleinement de l&#039;exp\u00e9rience en toute s\u00e9r\u00e9nit\u00e9.\n<\/p>\n<\/div>\n<\/div>\n\n<!-- Pregunta 5 -->\n<div class=\"bg-white rounded-lg shadow-md overflow-hidden\">\n<div class=\"faq-toggle p-6 cursor-pointer flex justify-between items-center\">\n<h3 class=\"text-lg font-semibold text-gray-900\">\nCombien de personnes peuvent monter sur un jet ski ?\n<\/h3>\n<span class=\"text-2xl text-gray-400 faq-icon\">+<\/span>\n<\/div>\n\n<div class=\"faq-answer hidden\">\n<p class=\"p-6 pt-0 text-gray-700\">\nLa plupart des scooters peuvent accueillir 1 ou 2 personnes. Pour les groupes plus importants, plusieurs scooters peuvent \u00eatre r\u00e9serv\u00e9s simultan\u00e9ment. Veuillez toujours v\u00e9rifier la capacit\u00e9 exacte de chaque mod\u00e8le aupr\u00e8s de la soci\u00e9t\u00e9 de location.\n<\/p>\n<\/div>\n<\/div>\n\n<!-- Pregunta 6 -->\n<div class=\"bg-white rounded-lg shadow-md overflow-hidden\">\n<div class=\"faq-toggle p-6 cursor-pointer flex justify-between items-center\">\n<h3 class=\"text-lg font-semibold text-gray-900\">\nQuels itin\u00e9raires peuvent \u00eatre emprunt\u00e9s depuis Puerto Ban\u00fas ?\n<\/h3>\n<span class=\"text-2xl text-gray-400 faq-icon\">+<\/span>\n<\/div>\n\n<div class=\"faq-answer hidden\">\n<p class=\"p-6 pt-0 text-gray-700\">\nVisites du port, itin\u00e9raires vers les plages de Marbella, excursions panoramiques et croisi\u00e8res au coucher du soleil. Les visites VIP incluent un guide professionnel et des recommandations sur les points d&#039;int\u00e9r\u00eat du littoral.\n<\/p>\n<\/div>\n<\/div>\n\n<!-- Pregunta 7 -->\n<div class=\"bg-white rounded-lg shadow-md overflow-hidden\">\n<div class=\"faq-toggle p-6 cursor-pointer flex justify-between items-center\">\n<h3 class=\"text-lg font-semibold text-gray-900\">\nQuel est l&#039;\u00e2ge minimum pour conduire un jet ski \u00e0 Marbella ?\n<\/h3>\n<span class=\"text-2xl text-gray-400 faq-icon\">+<\/span>\n<\/div>\n\n<div class=\"faq-answer hidden\">\n<p class=\"p-6 pt-0 text-gray-700\">\nL&#039;\u00e2ge minimum est de 18 ans. Dans certains cas, l&#039;\u00e2ge minimum est de 16 ans avec l&#039;autorisation d&#039;un parent ou tuteur l\u00e9gal. Les mineurs peuvent accompagner d&#039;autres personnes selon les conditions de l&#039;entreprise.\n<\/p>\n<\/div>\n<\/div>\n\n<!-- Pregunta 8 -->\n<div class=\"bg-white rounded-lg shadow-md overflow-hidden\">\n<div class=\"faq-toggle p-6 cursor-pointer flex justify-between items-center\">\n<h3 class=\"text-lg font-semibold text-gray-900\">\nPuis-je annuler ou modifier ma r\u00e9servation\u00a0?\n<\/h3>\n<span class=\"text-2xl text-gray-400 faq-icon\">+<\/span>\n<\/div>\n\n<div class=\"faq-answer hidden\">\n<p class=\"p-6 pt-0 text-gray-700\">\nCela d\u00e9pend de l&#039;op\u00e9rateur, mais les annulations ou modifications sont g\u00e9n\u00e9ralement possibles 24 \u00e0 48 heures \u00e0 l&#039;avance. En cas de mauvais temps, le report est g\u00e9n\u00e9ralement gratuit.\n<\/p>\n<\/div>\n<\/div>\n\n<\/div>\n<\/div>\n<\/div>\n\n<script>\ndocument.addEventListener('DOMContentLoaded',()=>{\nconst toggles=document.querySelectorAll('.faq-toggle');\ntoggles.forEach(toggle=>{\ntoggle.addEventListener('click',()=>{\nconst answer=toggle.nextElementSibling;\nconst icon=toggle.querySelector('.faq-icon');\nanswer.classList.toggle('hidden');\nicon.textContent=answer.classList.contains('hidden') ? '+' : '-';\n});\n});\n});\n<\/script>\n\n<\/body>\n<\/html>\n\n\n\n<h2 class=\"wp-block-heading\">Vivez une exp\u00e9rience VIP chez Jet Ski Marbella<\/h2>\n\n\n\n<p>Le <strong>Location de jet-skis \u00e0 Marbella<\/strong> C&#039;est la fa\u00e7on la plus palpitante de d\u00e9couvrir la Costa del Sol depuis la mer, alliant adr\u00e9naline, luxe et paysages impossibles \u00e0 voir depuis la terre ferme.<\/p>\n\n\n\n<p>Avec des itin\u00e9raires passant par Puerto Ban\u00fas, le Golden Mile, Cabopino et la baie de Marbella, un \u00e9quipement de pointe, un service VIP et une s\u00e9curit\u00e9 totale, votre exp\u00e9rience en jet ski sera inoubliable.<\/p>\n\n\n\n<p>Yacht Pro Spain vous offre le service le plus professionnel et personnalis\u00e9 \u00e0 Marbella, avec une attention particuli\u00e8re, un briefing complet et une flexibilit\u00e9 totale en mati\u00e8re d&#039;horaires et d&#039;itin\u00e9raires.<\/p>\n\n\n\n<p>Que vous veniez en couple, entre amis ou en famille, c&#039;est le moment id\u00e9al pour r\u00e9server votre aventure m\u00e9diterran\u00e9enne.<\/p>\n\n\n\n<p><strong>\ud83d\udcf2 R\u00e9servez d\u00e8s maintenant votre location de jet ski \u00e0 Marbella via WhatsApp<\/strong><\/p>\n\n\n\n<p>Votre exp\u00e9rience VIP en mer vous attend !<\/p>\n\n\n<p><strong>R\u00e9servez votre exp\u00e9rience ici\u00a0:<\/strong> <a href=\"https:\/\/yachtprospain.com\/fr\/alquiler-embarcaciones-malaga\/moto-de-agua\/\">Location de jet skis \u00e0 Fuengirola<\/a>.<\/p>","protected":false},"excerpt":{"rendered":"<p>Location de jet skis \u00e0 Marbella\u00a0: excursions VIP \u00e0 Puerto Ban\u00fas, sur le Golden Mile et la Costa del Sol. \u00c0 partir de 80\u00a0\u20ac, mat\u00e9riel haut de gamme et service professionnel. R\u00e9servez votre sortie jet ski d\u00e8s maintenant\u00a0!<\/p>","protected":false},"author":1,"featured_media":11067,"comment_status":"closed","ping_status":"open","sticky":false,"template":"","format":"standard","meta":{"jetpack_post_was_ever_published":false,"_jetpack_newsletter_access":"","_jetpack_dont_email_post_to_subs":false,"_jetpack_newsletter_tier_id":0,"_jetpack_memberships_contains_paywalled_content":false,"_jetpack_memberships_contains_paid_content":false,"_joinchat":[],"footnotes":"","jetpack_publicize_message":"","jetpack_publicize_feature_enabled":true,"jetpack_social_post_already_shared":true,"jetpack_social_options":{"image_generator_settings":{"template":"highway","default_image_id":0,"font":"","enabled":false},"version":2}},"categories":[1,264],"tags":[],"class_list":{"0":"post-10771","1":"post","2":"type-post","3":"status-publish","4":"format-standard","5":"has-post-thumbnail","7":"category-desconocidas","8":"category-motos-de-agua-jet-ski-2"},"jetpack_publicize_connections":[],"jetpack_featured_media_url":"https:\/\/yachtprospain.com\/wp-content\/uploads\/2026\/03\/renta-de-moto-de-agua-Marbella-experiencia-premium-al-atardecer.webp","jetpack_shortlink":"https:\/\/wp.me\/p9sOOi-2NJ","jetpack_sharing_enabled":true,"_links":{"self":[{"href":"https:\/\/yachtprospain.com\/fr\/wp-json\/wp\/v2\/posts\/10771","targetHints":{"allow":["GET"]}}],"collection":[{"href":"https:\/\/yachtprospain.com\/fr\/wp-json\/wp\/v2\/posts"}],"about":[{"href":"https:\/\/yachtprospain.com\/fr\/wp-json\/wp\/v2\/types\/post"}],"author":[{"embeddable":true,"href":"https:\/\/yachtprospain.com\/fr\/wp-json\/wp\/v2\/users\/1"}],"replies":[{"embeddable":true,"href":"https:\/\/yachtprospain.com\/fr\/wp-json\/wp\/v2\/comments?post=10771"}],"version-history":[{"count":18,"href":"https:\/\/yachtprospain.com\/fr\/wp-json\/wp\/v2\/posts\/10771\/revisions"}],"predecessor-version":[{"id":11073,"href":"https:\/\/yachtprospain.com\/fr\/wp-json\/wp\/v2\/posts\/10771\/revisions\/11073"}],"wp:featuredmedia":[{"embeddable":true,"href":"https:\/\/yachtprospain.com\/fr\/wp-json\/wp\/v2\/media\/11067"}],"wp:attachment":[{"href":"https:\/\/yachtprospain.com\/fr\/wp-json\/wp\/v2\/media?parent=10771"}],"wp:term":[{"taxonomy":"category","embeddable":true,"href":"https:\/\/yachtprospain.com\/fr\/wp-json\/wp\/v2\/categories?post=10771"},{"taxonomy":"post_tag","embeddable":true,"href":"https:\/\/yachtprospain.com\/fr\/wp-json\/wp\/v2\/tags?post=10771"}],"curies":[{"name":"wp","href":"https:\/\/api.w.org\/{rel}","templated":true}]}}